{"id":700,"date":"2016-06-19T15:40:11","date_gmt":"2016-06-19T13:40:11","guid":{"rendered":"http:\/\/notstand-der-republik.de\/?p=700"},"modified":"2016-06-19T15:42:14","modified_gmt":"2016-06-19T13:42:14","slug":"streik-gegen-deutsche-verhaeltnisse","status":"publish","type":"post","link":"https:\/\/www.revolutionaere-front.de\/wordpress\/?p=700","title":{"rendered":"Streik gegen deutsche Verh\u00e4ltnisse"},"content":{"rendered":"<p class=\"western\">Bremen, 14. Juni 2016, fr\u00fch morgens:<\/p>\n<p class=\"western\">Vom Dach der Halle 7 des Bremer Mercedes-Werkes h\u00e4ngt ein Gro\u00dftransparent mit folgendem Gru\u00df von Mercedes-Arbeitern an die franz\u00f6sischen Arbeiter, anl\u00e4sslich ihres Gro\u00dfkampftages am heutigen Tag:<\/p>\n<p class=\"western\" align=\"center\"><span style=\"font-size: large;\"><b>WIR GR\u00dcSSEN DIE FRANZ\u00d6SICHEN ARBEITER<\/b><\/span><\/p>\n<p class=\"western\" align=\"center\"><span style=\"font-size: large;\"><b>IM STREIK GEGEN DEUTSCHE VERH\u00c4LTNISSE<\/b><\/span><\/p>\n<p class=\"western\" align=\"center\">&#8211;<\/p>\n<p class=\"western\" align=\"center\"><span style=\"font-size: large;\"><b>UN GRAND BONJOUR AUX OUVRIERS FRANCAIS <\/b><\/span><\/p>\n<p class=\"western\" align=\"center\"><span style=\"font-size: large;\"><b>EN GR\u00c9VE CONTRE LES CONDITONS ALLEMANDS<\/b><\/span><\/p>\n<p class=\"western\" align=\"left\">Agenda 2010, Hartz-Gesetze, Anhebung des Rentenalters, Leiharbeit: Der deutsche Export-Schlager scheitert bislang am entschlossenen Widerstand der Arbeiter, am Widerstand der franz\u00f6sischen Arbeiter, der franz\u00f6sischen Jugend, des ganzen Volkes. Ein Grund, unseren hohen Respekt auszudr\u00fccken und unbedingt ein Grund zur Nachahmung hierzulande.<\/p>\n","protected":false},"excerpt":{"rendered":"<p>Bremen, 14. Juni 2016, fr\u00fch morgens: Vom Dach der Halle 7 des Bremer Mercedes-Werkes h\u00e4ngt ein Gro\u00dftransparent mit folgendem Gru\u00df von Mercedes-Arbeitern an die franz\u00f6sischen Arbeiter, anl\u00e4sslich ihres Gro\u00dfkampftages am heutigen Tag: WIR GR\u00dcSSEN DIE FRANZ\u00d6SICHEN ARBEITER IM STREIK GEGEN DEUTSCHE VERH\u00c4LTNISSE &#8211; UN GRAND BONJOUR AUX OUVRIERS FRANCAIS EN GR\u00c9VE CONTRE LES CONDITONS ALLEMANDS [&hellip;]<\/p>\n","protected":false},"author":2,"featured_media":701,"comment_status":"closed","ping_status":"closed","sticky":false,"template":"","format":"standard","meta":{"footnotes":""},"categories":[15],"tags":[],"class_list":["post-700","post","type-post","status-publish","format-standard","has-post-thumbnail","hentry","category-aktionen"],"_links":{"self":[{"href":"https:\/\/www.revolutionaere-front.de\/wordpress\/index.php?rest_route=\/wp\/v2\/posts\/700","targetHints":{"allow":["GET"]}}],"collection":[{"href":"https:\/\/www.revolutionaere-front.de\/wordpress\/index.php?rest_route=\/wp\/v2\/posts"}],"about":[{"href":"https:\/\/www.revolutionaere-front.de\/wordpress\/index.php?rest_route=\/wp\/v2\/types\/post"}],"author":[{"embeddable":true,"href":"https:\/\/www.revolutionaere-front.de\/wordpress\/index.php?rest_route=\/wp\/v2\/users\/2"}],"replies":[{"embeddable":true,"href":"https:\/\/www.revolutionaere-front.de\/wordpress\/index.php?rest_route=%2Fwp%2Fv2%2Fcomments&post=700"}],"version-history":[{"count":4,"href":"https:\/\/www.revolutionaere-front.de\/wordpress\/index.php?rest_route=\/wp\/v2\/posts\/700\/revisions"}],"predecessor-version":[{"id":705,"href":"https:\/\/www.revolutionaere-front.de\/wordpress\/index.php?rest_route=\/wp\/v2\/posts\/700\/revisions\/705"}],"wp:featuredmedia":[{"embeddable":true,"href":"https:\/\/www.revolutionaere-front.de\/wordpress\/index.php?rest_route=\/wp\/v2\/media\/701"}],"wp:attachment":[{"href":"https:\/\/www.revolutionaere-front.de\/wordpress\/index.php?rest_route=%2Fwp%2Fv2%2Fmedia&parent=700"}],"wp:term":[{"taxonomy":"category","embeddable":true,"href":"https:\/\/www.revolutionaere-front.de\/wordpress\/index.php?rest_route=%2Fwp%2Fv2%2Fcategories&post=700"},{"taxonomy":"post_tag","embeddable":true,"href":"https:\/\/www.revolutionaere-front.de\/wordpress\/index.php?rest_route=%2Fwp%2Fv2%2Ftags&post=700"}],"curies":[{"name":"wp","href":"https:\/\/api.w.org\/{rel}","templated":true}]}}