{"id":713,"date":"2016-06-26T13:45:14","date_gmt":"2016-06-26T11:45:14","guid":{"rendered":"http:\/\/notstand-der-republik.de\/?p=713"},"modified":"2016-08-21T21:33:39","modified_gmt":"2016-08-21T19:33:39","slug":"notstand-der-republik-willkuer-zwang-und-deutsche-leitkultur","status":"publish","type":"post","link":"https:\/\/www.revolutionaere-front.de\/wordpress\/?p=713","title":{"rendered":"Notstand der Republik: Willk\u00fcr, Zwang und deutsche Leitkultur"},"content":{"rendered":"<p>Die CSU, das Original der schwarz-braunen Sammlungsbewegung aus Bayern, treibt mit ihrem \u201eIntegrationsgesetz\u201c die Republik vor sich her und damit weiter nach rechts. Jetzt hat die Bundesregierung ein eigenes \u201eIntegrationsgesetz\u201c auf den Gesetzesweg gebracht das uns alle bedroht, weil es arbeiterfeindlich ist, weil es willk\u00fcrlich ist, weil es den Rassismus in v\u00f6lkische Sonder-Gesetze fasst, das Asylrecht weiter aufhebt und insgesamt die Republik weiter zum Faschismus treibt.<\/p>\n<p>Die Gesetze versto\u00dfen gegen die Genfer Fl\u00fcchtlingskonvention, gegen EU-Richtlinien und gegen die Grundlagen der b\u00fcrgerlichen Republik und sind so eigentlich keine Gesetze mehr. Das unterstreicht die Bundesregierung auch dadurch, indem sie die parlamentarische Gesetzgebung durchpeitscht und f\u00fcr die Anh\u00f6rung nur 2 Tage Zeit l\u00e4sst.<\/p>\n<p>Das Vorhaben im Bund bedroht und bestraft Fl\u00fcchtlinge z.B. durch Leistungsentzug, Zwangszuweisung des Wohnortes oder den 0,80 Cent-Job.<\/p>\n<p>Das bayerische Gesetz schafft (nach dem Viertel-Juden) jetzt den Viertel-Deutschen (\u2026 \u201egelten entsprechend f\u00fcr Deutsche\u201c, die \u201eeinen Eltern- oder Gro\u00dfelternteil\u201c haben, die au\u00dferhalb der \u201eGrenzen der BRD geboren und nach 1955\u201c zugewandert sind. BayIntG, Art. 2).<\/p>\n<p>Mit den Artikeln 13 und 14 wird der Polizei, neben der Ermittlung und Entdeckung von Regelverst\u00f6\u00dfen und Straftaten, auch gleich die Vollstreckung der Bestrafung \u00fcbergeben \u2013 ohne Gerichtsverhandlung oder anders gesagt: Mit der Wieder-Einf\u00fchrung der Standgerichte.<\/p>\n<p>An einer Demonstration am 19. Juni gegen die Ausgrenzungsgesetze nahmen Mitglieder des Jugend-Aktions-Ausschuss Notstand der Republik mit diesem Transparent teil.<\/p>\n<p>&nbsp;<\/p>\n","protected":false},"excerpt":{"rendered":"<p>Die CSU, das Original der schwarz-braunen Sammlungsbewegung aus Bayern, treibt mit ihrem \u201eIntegrationsgesetz\u201c die Republik vor sich her und damit weiter nach rechts. Jetzt hat die Bundesregierung ein eigenes \u201eIntegrationsgesetz\u201c auf den Gesetzesweg gebracht das uns alle bedroht, weil es arbeiterfeindlich ist, weil es willk\u00fcrlich ist, weil es den Rassismus in v\u00f6lkische Sonder-Gesetze fasst, das [&hellip;]<\/p>\n","protected":false},"author":2,"featured_media":715,"comment_status":"closed","ping_status":"closed","sticky":false,"template":"","format":"standard","meta":{"footnotes":""},"categories":[15,13],"tags":[],"class_list":["post-713","post","type-post","status-publish","format-standard","has-post-thumbnail","hentry","category-aktionen","category-aktionseinheit"],"_links":{"self":[{"href":"https:\/\/www.revolutionaere-front.de\/wordpress\/index.php?rest_route=\/wp\/v2\/posts\/713","targetHints":{"allow":["GET"]}}],"collection":[{"href":"https:\/\/www.revolutionaere-front.de\/wordpress\/index.php?rest_route=\/wp\/v2\/posts"}],"about":[{"href":"https:\/\/www.revolutionaere-front.de\/wordpress\/index.php?rest_route=\/wp\/v2\/types\/post"}],"author":[{"embeddable":true,"href":"https:\/\/www.revolutionaere-front.de\/wordpress\/index.php?rest_route=\/wp\/v2\/users\/2"}],"replies":[{"embeddable":true,"href":"https:\/\/www.revolutionaere-front.de\/wordpress\/index.php?rest_route=%2Fwp%2Fv2%2Fcomments&post=713"}],"version-history":[{"count":2,"href":"https:\/\/www.revolutionaere-front.de\/wordpress\/index.php?rest_route=\/wp\/v2\/posts\/713\/revisions"}],"predecessor-version":[{"id":717,"href":"https:\/\/www.revolutionaere-front.de\/wordpress\/index.php?rest_route=\/wp\/v2\/posts\/713\/revisions\/717"}],"wp:featuredmedia":[{"embeddable":true,"href":"https:\/\/www.revolutionaere-front.de\/wordpress\/index.php?rest_route=\/wp\/v2\/media\/715"}],"wp:attachment":[{"href":"https:\/\/www.revolutionaere-front.de\/wordpress\/index.php?rest_route=%2Fwp%2Fv2%2Fmedia&parent=713"}],"wp:term":[{"taxonomy":"category","embeddable":true,"href":"https:\/\/www.revolutionaere-front.de\/wordpress\/index.php?rest_route=%2Fwp%2Fv2%2Fcategories&post=713"},{"taxonomy":"post_tag","embeddable":true,"href":"https:\/\/www.revolutionaere-front.de\/wordpress\/index.php?rest_route=%2Fwp%2Fv2%2Ftags&post=713"}],"curies":[{"name":"wp","href":"https:\/\/api.w.org\/{rel}","templated":true}]}}