{"id":719,"date":"2016-07-13T19:38:41","date_gmt":"2016-07-13T17:38:41","guid":{"rendered":"http:\/\/notstand-der-republik.de\/?p=719"},"modified":"2016-07-13T19:59:14","modified_gmt":"2016-07-13T17:59:14","slug":"dieses-voelkische-gesetz-wird-fallen-aktion-vor-dem-reichstag","status":"publish","type":"post","link":"https:\/\/www.revolutionaere-front.de\/wordpress\/?p=719","title":{"rendered":"Dieses v\u00f6lkische Gesetz wird fallen &#8211; Aktion vor dem Reichstag gegen das &#8222;Integrationsgesetz&#8220;"},"content":{"rendered":"<p class=\"gmail_quote\">Liebe Freunde und Genossen.<\/p>\n<p>In Erw\u00e4gung unserer Schw\u00e4che machtet, ihr Gesetze, die uns knechten soll\u00b4n &#8211; die Gesetze seien k\u00fcnftig nicht beachtet, in Erw\u00e4gung, dass wir nicht mehr Knecht sein woll\u00b4n. Nein! Kein Gesetz des Arbeitszwangs, der Halbgefangenschaft durch Wohnsitzzwang, der Sanktionen und des Bettelns um Asyl werden wir beachten. Und deswegen:<\/p>\n<p class=\"gmail_quote\"><strong>Das v\u00f6lkische Gesetz wird fallen! Wann? Mit der Regierung!<\/strong><\/p>\n<p>Auf 40 Metern geschrieben war das unsere Kampfansage vor dem Reichstag, in dem heute (7.7.2016, Admin NdR) durch die Erm\u00e4chtigungsregierung &#8211; passend zur schwarz-rot-goldenen-Halbfinale-Taumelei &#8211; das sogenannte Integrationsgesetz verabschiedet wurde.<\/p>\n<p>Wir werden es weder heute noch in Zukunft ungesagt lassen: Diese Gesetze sind Diktate des Zwangs und der Rechtlosigkeit und haben weder mit Integration noch mit einem Gesetz zu tun. Wissend, dass weder dieses Gesetz noch all die anderen bereits verabschiedeten Willk\u00fcrma\u00dfnahmen in Stein gemei\u00dfelt sind: Sie k\u00f6nnen v\u00f6lkische Gesetze verabschieden! Aber wir werden uns nicht daran halten! Schaffen wir franz\u00f6sische Verh\u00e4ltnisse!<\/p>\n<p>Heute hat vor dem Reichstag eine Aktion von Jugendaktionsausschuss-Notstand der Republik und FDJ stattgefunden. Dazu gibt es ein Bild im Anhang. Und die <a href=\"http:\/\/www.notstand-der-republik.de\/download\/Jugend\/Erklaerung_FDJ_zum_BIntG_FINAL.pdf\">Ekl\u00e4rung der FDJ<\/a> dazu gleich mit. Und jetzt seid ihr dran, Bild und Erkl\u00e4rung zu verbreiten!<\/p>\n<p>Euer Zentralrat<\/p>\n","protected":false},"excerpt":{"rendered":"<p>Liebe Freunde und Genossen. In Erw\u00e4gung unserer Schw\u00e4che machtet, ihr Gesetze, die uns knechten soll\u00b4n &#8211; die Gesetze seien k\u00fcnftig nicht beachtet, in Erw\u00e4gung, dass wir nicht mehr Knecht sein woll\u00b4n. Nein! Kein Gesetz des Arbeitszwangs, der Halbgefangenschaft durch Wohnsitzzwang, der Sanktionen und des Bettelns um Asyl werden wir beachten. Und deswegen: Das v\u00f6lkische Gesetz [&hellip;]<\/p>\n","protected":false},"author":2,"featured_media":733,"comment_status":"closed","ping_status":"closed","sticky":false,"template":"","format":"standard","meta":{"footnotes":""},"categories":[15,13],"tags":[31,34,32,35,33],"class_list":["post-719","post","type-post","status-publish","format-standard","has-post-thumbnail","hentry","category-aktionen","category-aktionseinheit","tag-fdj","tag-integrationsgesetz","tag-jaa","tag-notstand-der-republik","tag-voelkisches-gesetz"],"_links":{"self":[{"href":"https:\/\/www.revolutionaere-front.de\/wordpress\/index.php?rest_route=\/wp\/v2\/posts\/719","targetHints":{"allow":["GET"]}}],"collection":[{"href":"https:\/\/www.revolutionaere-front.de\/wordpress\/index.php?rest_route=\/wp\/v2\/posts"}],"about":[{"href":"https:\/\/www.revolutionaere-front.de\/wordpress\/index.php?rest_route=\/wp\/v2\/types\/post"}],"author":[{"embeddable":true,"href":"https:\/\/www.revolutionaere-front.de\/wordpress\/index.php?rest_route=\/wp\/v2\/users\/2"}],"replies":[{"embeddable":true,"href":"https:\/\/www.revolutionaere-front.de\/wordpress\/index.php?rest_route=%2Fwp%2Fv2%2Fcomments&post=719"}],"version-history":[{"count":10,"href":"https:\/\/www.revolutionaere-front.de\/wordpress\/index.php?rest_route=\/wp\/v2\/posts\/719\/revisions"}],"predecessor-version":[{"id":732,"href":"https:\/\/www.revolutionaere-front.de\/wordpress\/index.php?rest_route=\/wp\/v2\/posts\/719\/revisions\/732"}],"wp:featuredmedia":[{"embeddable":true,"href":"https:\/\/www.revolutionaere-front.de\/wordpress\/index.php?rest_route=\/wp\/v2\/media\/733"}],"wp:attachment":[{"href":"https:\/\/www.revolutionaere-front.de\/wordpress\/index.php?rest_route=%2Fwp%2Fv2%2Fmedia&parent=719"}],"wp:term":[{"taxonomy":"category","embeddable":true,"href":"https:\/\/www.revolutionaere-front.de\/wordpress\/index.php?rest_route=%2Fwp%2Fv2%2Fcategories&post=719"},{"taxonomy":"post_tag","embeddable":true,"href":"https:\/\/www.revolutionaere-front.de\/wordpress\/index.php?rest_route=%2Fwp%2Fv2%2Ftags&post=719"}],"curies":[{"name":"wp","href":"https:\/\/api.w.org\/{rel}","templated":true}]}}