{"id":734,"date":"2016-07-15T23:07:48","date_gmt":"2016-07-15T21:07:48","guid":{"rendered":"http:\/\/notstand-der-republik.de\/?p=734"},"modified":"2016-07-16T10:48:21","modified_gmt":"2016-07-16T08:48:21","slug":"solidaritaet-mit-den-kaempfen-der-franzoesischen-arbeiter-und-des-volkes","status":"publish","type":"post","link":"https:\/\/www.revolutionaere-front.de\/wordpress\/?p=734","title":{"rendered":"Solidarit\u00e4t mit den K\u00e4mpfen der franz\u00f6sischen Arbeiter und des Volkes"},"content":{"rendered":"<p>Seit Monaten k\u00e4mpfen die franz\u00f6sischen Arbeiter und das Volk gegen die Einf\u00fchrung von Arbeitsgesetzen, die als ein Import der deutschen Hartz-Gesetze erscheinen. So wird in Frankreich auch gestreikt und gek\u00e4mpft gegen &#8222;deutsche Verh\u00e4ltnisse&#8220;.<\/p>\n<p>Nicht nur deshalb waren am 14. Juli, dem Jahrestag des Sturm auf die Bastille 1789 und der Pariser Commune, der ersten Arbeiterregierung auf europ\u00e4ischem Boden, Gewerkschafter und Freunde der internationalen Arbeiterbewegung in Frankfurt unterwegs.<\/p>\n<p>Am Gleis 19 im Hauptbahnhof zeigten sie ihre Solidarit\u00e4t da, wo um 18.58 Uhr der Reisezug nach Paris abfuhr mit zwei Transparenten und einer kurzen Rede.<\/p>\n<p class=\"western\" style=\"text-align: center;\" align=\"center\"><b>Wir gr\u00fc\u00dfen die franz\u00f6sischen Arbeiter im Streik gegen deutsche Verh\u00e4ltnisse<\/b><\/p>\n<p class=\"western\" style=\"text-align: center;\" align=\"center\"><strong>Un grand bonjour aux ouvriers Francais en gr\u00e8ve contre les conditions Allemands<\/strong><\/p>\n<p class=\"western\" style=\"text-align: left;\" align=\"center\">Danach geht ein kleiner Demonstrationszug zum Vorstandsgeb\u00e4ude der IG Metall um dort die Forderung nach Solidarit\u00e4t zu stellen wo sie an erster Stelle auch hingeh\u00f6rt: Zu den deutschen Gewerkschaften die mit Tarifvertr\u00e4gen zur Leiharbeit, Niedrigl\u00f6hnen oder zuerst durch die Mitarbeit und dann durch die Duldung der Hartz-Gesetze gemeinsame Sache mit dem Kapital und seiner Regierung machen, w\u00e4hrend sich \u00fcberall in Europa die Arbeiter und V\u00f6lker Europas gegen die \u00f6konomische und politische Unterdr\u00fcckung des deutschen Europas zur Wehr setzen.<\/p>\n<div id=\"attachment_744\" style=\"width: 1034px\" class=\"wp-caption alignleft\"><img loading=\"lazy\" decoding=\"async\" aria-describedby=\"caption-attachment-744\" class=\"wp-image-744 size-full\" src=\"http:\/\/notstand-der-republik.de\/wordpress\/wp-content\/uploads\/2016\/07\/IMG_3557-1.jpg\" alt=\"IMG_3557\" width=\"1024\" height=\"682\" srcset=\"https:\/\/www.revolutionaere-front.de\/wordpress\/wp-content\/uploads\/2016\/07\/IMG_3557-1.jpg 1024w, https:\/\/www.revolutionaere-front.de\/wordpress\/wp-content\/uploads\/2016\/07\/IMG_3557-1-300x200.jpg 300w\" sizes=\"auto, (max-width: 1024px) 100vw, 1024px\" \/><p id=\"caption-attachment-744\" class=\"wp-caption-text\">14. Juli 2016 Vorstandsgeb\u00e4ude der IG Metall in Frankfurt\/Main<\/p><\/div>\n<p class=\"western\" style=\"text-align: left;\" align=\"center\">\n","protected":false},"excerpt":{"rendered":"<p>Seit Monaten k\u00e4mpfen die franz\u00f6sischen Arbeiter und das Volk gegen die Einf\u00fchrung von Arbeitsgesetzen, die als ein Import der deutschen Hartz-Gesetze erscheinen. So wird in Frankreich auch gestreikt und gek\u00e4mpft gegen &#8222;deutsche Verh\u00e4ltnisse&#8220;. Nicht nur deshalb waren am 14. Juli, dem Jahrestag des Sturm auf die Bastille 1789 und der Pariser Commune, der ersten Arbeiterregierung [&hellip;]<\/p>\n","protected":false},"author":2,"featured_media":737,"comment_status":"closed","ping_status":"closed","sticky":false,"template":"","format":"standard","meta":{"footnotes":""},"categories":[15,13],"tags":[],"class_list":["post-734","post","type-post","status-publish","format-standard","has-post-thumbnail","hentry","category-aktionen","category-aktionseinheit"],"_links":{"self":[{"href":"https:\/\/www.revolutionaere-front.de\/wordpress\/index.php?rest_route=\/wp\/v2\/posts\/734","targetHints":{"allow":["GET"]}}],"collection":[{"href":"https:\/\/www.revolutionaere-front.de\/wordpress\/index.php?rest_route=\/wp\/v2\/posts"}],"about":[{"href":"https:\/\/www.revolutionaere-front.de\/wordpress\/index.php?rest_route=\/wp\/v2\/types\/post"}],"author":[{"embeddable":true,"href":"https:\/\/www.revolutionaere-front.de\/wordpress\/index.php?rest_route=\/wp\/v2\/users\/2"}],"replies":[{"embeddable":true,"href":"https:\/\/www.revolutionaere-front.de\/wordpress\/index.php?rest_route=%2Fwp%2Fv2%2Fcomments&post=734"}],"version-history":[{"count":6,"href":"https:\/\/www.revolutionaere-front.de\/wordpress\/index.php?rest_route=\/wp\/v2\/posts\/734\/revisions"}],"predecessor-version":[{"id":748,"href":"https:\/\/www.revolutionaere-front.de\/wordpress\/index.php?rest_route=\/wp\/v2\/posts\/734\/revisions\/748"}],"wp:featuredmedia":[{"embeddable":true,"href":"https:\/\/www.revolutionaere-front.de\/wordpress\/index.php?rest_route=\/wp\/v2\/media\/737"}],"wp:attachment":[{"href":"https:\/\/www.revolutionaere-front.de\/wordpress\/index.php?rest_route=%2Fwp%2Fv2%2Fmedia&parent=734"}],"wp:term":[{"taxonomy":"category","embeddable":true,"href":"https:\/\/www.revolutionaere-front.de\/wordpress\/index.php?rest_route=%2Fwp%2Fv2%2Fcategories&post=734"},{"taxonomy":"post_tag","embeddable":true,"href":"https:\/\/www.revolutionaere-front.de\/wordpress\/index.php?rest_route=%2Fwp%2Fv2%2Ftags&post=734"}],"curies":[{"name":"wp","href":"https:\/\/api.w.org\/{rel}","templated":true}]}}