{"id":78,"date":"2016-02-14T12:47:38","date_gmt":"2016-02-14T11:47:38","guid":{"rendered":"http:\/\/notstand-der-republik.de\/wordpress\/?p=78"},"modified":"2016-02-14T13:31:54","modified_gmt":"2016-02-14T12:31:54","slug":"der-aktionszug-klassenkampf-statt-weltkrieg-faehrt-als-zug-der-befreiung-nach-warschau-und-wir-fahren-mit","status":"publish","type":"post","link":"https:\/\/www.revolutionaere-front.de\/wordpress\/?p=78","title":{"rendered":"Der Aktionszug &#8222;Klassenkampf statt Weltkrieg&#8220; f\u00e4hrt als Zug der Befreiung nach Warschau und wir fahren mit."},"content":{"rendered":"<p class=\"normal\">Wie schon 2011 von Berlin \u00fcber Prag nach Gdansk und 2013 von M\u00fcnchen nach Prag fahren wir, Arbeiter und Gewerkschafter<br \/>\naus verschiedenen Betrieben und St\u00e4dten, mit bei der internationalen Antikriegsaktion, um dar\u00fcber aufzukl\u00e4ren, was in unserem<br \/>\nLand und in unseren Gewerkschaften geschieht.<\/p>\n<p>Vom 8. Mai 2015 an, zum 70. Jahrestag der Befreiung vom Hitler-Faschismus, fahren wir mit sieben historischen LKWs von Berlin bis Warschau unter der Losung \u201eKlassenkampf statt Weltkrieg&#8220;.<\/p>\n<p>Weitere Informationen an <a href=\"http:\/\/www.himmlischevier.de\" target=\"_blank\"><i> dieser Stelle.<\/i><\/a><\/p>\n<p class=\"bold\"><a href=\"http:\/\/www.notstand-der-republik.de\/download\/kswe\/flugschriften\/Flugschrift_KsW2015_deutsch.pdf\">Hier<\/a> die Flugschrift mit den Mitgliedern der Aktionseinheit, den Stellungnahmen und Erkl\u00e4rungen, den Terminen der einzelnen Stationen&#8230;.<\/p>\n<hr \/>\n<div class=\"content\"><\/div>\n","protected":false},"excerpt":{"rendered":"<p>Wie schon 2011 von Berlin \u00fcber Prag nach Gdansk und 2013 von M\u00fcnchen nach Prag fahren wir, Arbeiter und Gewerkschafter aus verschiedenen Betrieben und St\u00e4dten, mit bei der internationalen Antikriegsaktion, um dar\u00fcber aufzukl\u00e4ren, was in unserem Land und in unseren Gewerkschaften geschieht. Vom 8. Mai 2015 an, zum 70. Jahrestag der Befreiung vom Hitler-Faschismus, fahren [&hellip;]<\/p>\n","protected":false},"author":2,"featured_media":79,"comment_status":"closed","ping_status":"closed","sticky":false,"template":"","format":"standard","meta":{"footnotes":""},"categories":[14],"tags":[],"class_list":["post-78","post","type-post","status-publish","format-standard","has-post-thumbnail","hentry","category-klassenkampf-statt-weltkrieg"],"_links":{"self":[{"href":"https:\/\/www.revolutionaere-front.de\/wordpress\/index.php?rest_route=\/wp\/v2\/posts\/78","targetHints":{"allow":["GET"]}}],"collection":[{"href":"https:\/\/www.revolutionaere-front.de\/wordpress\/index.php?rest_route=\/wp\/v2\/posts"}],"about":[{"href":"https:\/\/www.revolutionaere-front.de\/wordpress\/index.php?rest_route=\/wp\/v2\/types\/post"}],"author":[{"embeddable":true,"href":"https:\/\/www.revolutionaere-front.de\/wordpress\/index.php?rest_route=\/wp\/v2\/users\/2"}],"replies":[{"embeddable":true,"href":"https:\/\/www.revolutionaere-front.de\/wordpress\/index.php?rest_route=%2Fwp%2Fv2%2Fcomments&post=78"}],"version-history":[{"count":2,"href":"https:\/\/www.revolutionaere-front.de\/wordpress\/index.php?rest_route=\/wp\/v2\/posts\/78\/revisions"}],"predecessor-version":[{"id":81,"href":"https:\/\/www.revolutionaere-front.de\/wordpress\/index.php?rest_route=\/wp\/v2\/posts\/78\/revisions\/81"}],"wp:featuredmedia":[{"embeddable":true,"href":"https:\/\/www.revolutionaere-front.de\/wordpress\/index.php?rest_route=\/wp\/v2\/media\/79"}],"wp:attachment":[{"href":"https:\/\/www.revolutionaere-front.de\/wordpress\/index.php?rest_route=%2Fwp%2Fv2%2Fmedia&parent=78"}],"wp:term":[{"taxonomy":"category","embeddable":true,"href":"https:\/\/www.revolutionaere-front.de\/wordpress\/index.php?rest_route=%2Fwp%2Fv2%2Fcategories&post=78"},{"taxonomy":"post_tag","embeddable":true,"href":"https:\/\/www.revolutionaere-front.de\/wordpress\/index.php?rest_route=%2Fwp%2Fv2%2Ftags&post=78"}],"curies":[{"name":"wp","href":"https:\/\/api.w.org\/{rel}","templated":true}]}}