{"id":82,"date":"2016-02-14T12:48:17","date_gmt":"2016-02-14T11:48:17","guid":{"rendered":"http:\/\/notstand-der-republik.de\/wordpress\/?p=82"},"modified":"2016-02-14T13:32:17","modified_gmt":"2016-02-14T12:32:17","slug":"die-auseinandersetzungen-um-die-abmahnungen-von-761-bremer-mercedes-arbeitern-gehen-weiter","status":"publish","type":"post","link":"https:\/\/www.revolutionaere-front.de\/wordpress\/?p=82","title":{"rendered":"Die Auseinandersetzungen um die Abmahnungen von 761 Bremer Mercedes-Arbeitern gehen weiter."},"content":{"rendered":"<p>Nachdem nun <strong>\u00fcber 70 Solidarit\u00e4ts-Schreiben<\/strong> eingegangen sind \u2013 zuletzt auch vom Betriebsrat des Daimler-Werkes Kassel, sowie vom Betriebsrat Mercedes Benz S\u00fcdafrika \u2013 werden die Kollegen der Nachtschicht nun am Mittwoch, 18. Februar, ab 21 Uhr am Tor 8 (Hermann-Koenen-Strasse) mit Trommeln und Schalmeien begr\u00fc\u00dft.<\/p>\n<p>Die Agitpropgruppe \u201eRoter Pfeffer\u201c hat im Bremer Stadtteil Gr\u00f6pelingen in mehreren Eins\u00e4tzen 761 Unterschriften gegen die 761 Abmahnungen gesammelt und wird diese den Abgemahnten \u00fcbergeben.<\/p>\n<p>Hier findet man die <i><a href=\"http:\/\/www.notstand-der-republik.de\/download\/Soli_Bremen_Teil1.pdf\">Solidarit\u00e4tsschreiben bis 27. Januar 2015<\/a><\/i> und die <a href=\"http:\/\/www.notstand-der-republik.de\/download\/Soli_Bremen_Teil2.pdf\"><i>Solidarit\u00e4tsschreiben bis 13. Februar 2015<\/i><\/a> sowie die <a href=\"http:\/\/www.notstand-der-republik.de\/download\/ErklaerungGroepelingen.pdf\"> <i>Erkl\u00e4rung der 761 Bewohner des Bremer Stadtteils Gr\u00f6pelingen.<\/i><\/a><\/p>\n<p>Der Republikanische Anw\u00e4ltinnen- und Anw\u00e4lteverein, sowie der Verband Demokratischer Juristinnen und Juristen haben sich ebenfalls mit den Kollegen <a href=\"http:\/\/www.notstand-der-republik.de\/download\/RAV%20und%20VDJ.pdf\">solidarisiert<\/a>.<\/p>\n<p>Ein Kreis namhafter Juristen hat sich bereit erkl\u00e4rt, die Mercedes-Arbeiter vor Gericht zu vertreten, wo es nicht zuletzt auch um die Frage des Streikrechts gehen wird. Bereits vor mehreren Jahren hat das Ministerkomitee des Europarats die Bundesrepublik Deutschland auffordern m\u00fcssen, den entsprechenden Artikel 6 Nr. 4 aus der Europ\u00e4ischen Sozialcharta einzuhalten.<\/p>\n","protected":false},"excerpt":{"rendered":"<p>Nachdem nun \u00fcber 70 Solidarit\u00e4ts-Schreiben eingegangen sind \u2013 zuletzt auch vom Betriebsrat des Daimler-Werkes Kassel, sowie vom Betriebsrat Mercedes Benz S\u00fcdafrika \u2013 werden die Kollegen der Nachtschicht nun am Mittwoch, 18. Februar, ab 21 Uhr am Tor 8 (Hermann-Koenen-Strasse) mit Trommeln und Schalmeien begr\u00fc\u00dft. Die Agitpropgruppe \u201eRoter Pfeffer\u201c hat im Bremer Stadtteil Gr\u00f6pelingen in mehreren [&hellip;]<\/p>\n","protected":false},"author":2,"featured_media":85,"comment_status":"closed","ping_status":"closed","sticky":false,"template":"","format":"standard","meta":{"footnotes":""},"categories":[15],"tags":[],"class_list":["post-82","post","type-post","status-publish","format-standard","has-post-thumbnail","hentry","category-aktionen"],"_links":{"self":[{"href":"https:\/\/www.revolutionaere-front.de\/wordpress\/index.php?rest_route=\/wp\/v2\/posts\/82","targetHints":{"allow":["GET"]}}],"collection":[{"href":"https:\/\/www.revolutionaere-front.de\/wordpress\/index.php?rest_route=\/wp\/v2\/posts"}],"about":[{"href":"https:\/\/www.revolutionaere-front.de\/wordpress\/index.php?rest_route=\/wp\/v2\/types\/post"}],"author":[{"embeddable":true,"href":"https:\/\/www.revolutionaere-front.de\/wordpress\/index.php?rest_route=\/wp\/v2\/users\/2"}],"replies":[{"embeddable":true,"href":"https:\/\/www.revolutionaere-front.de\/wordpress\/index.php?rest_route=%2Fwp%2Fv2%2Fcomments&post=82"}],"version-history":[{"count":1,"href":"https:\/\/www.revolutionaere-front.de\/wordpress\/index.php?rest_route=\/wp\/v2\/posts\/82\/revisions"}],"predecessor-version":[{"id":83,"href":"https:\/\/www.revolutionaere-front.de\/wordpress\/index.php?rest_route=\/wp\/v2\/posts\/82\/revisions\/83"}],"wp:featuredmedia":[{"embeddable":true,"href":"https:\/\/www.revolutionaere-front.de\/wordpress\/index.php?rest_route=\/wp\/v2\/media\/85"}],"wp:attachment":[{"href":"https:\/\/www.revolutionaere-front.de\/wordpress\/index.php?rest_route=%2Fwp%2Fv2%2Fmedia&parent=82"}],"wp:term":[{"taxonomy":"category","embeddable":true,"href":"https:\/\/www.revolutionaere-front.de\/wordpress\/index.php?rest_route=%2Fwp%2Fv2%2Fcategories&post=82"},{"taxonomy":"post_tag","embeddable":true,"href":"https:\/\/www.revolutionaere-front.de\/wordpress\/index.php?rest_route=%2Fwp%2Fv2%2Ftags&post=82"}],"curies":[{"name":"wp","href":"https:\/\/api.w.org\/{rel}","templated":true}]}}