{"id":87,"date":"2016-02-14T12:51:41","date_gmt":"2016-02-14T11:51:41","guid":{"rendered":"http:\/\/notstand-der-republik.de\/wordpress\/?p=87"},"modified":"2016-02-14T13:22:52","modified_gmt":"2016-02-14T12:22:52","slug":"aktionszug-klassenkampf-statt-weltkrieg-201415-verfassungswidrig-in-bochum-gestoppt","status":"publish","type":"post","link":"https:\/\/www.revolutionaere-front.de\/wordpress\/?p=87","title":{"rendered":"Aktionszug \u201eKlassenkampf statt Weltkrieg 2014\/15\u201c verfassungswidrig in Bochum gestoppt"},"content":{"rendered":"<h2 class=\"erklaerung\">Die Staatswillk\u00fcr beschneidet unsere Rechte<br \/>\nauf die Freiheit der Kunst, auf die Versammlungsfreiheit<br \/>\nund auf das Recht zu demonstrieren.<\/h2>\n<p class=\"normal\" align=\"left\"><strong>Werte Freunde, Antimilitaristen, Kriegsgegner!<\/strong><\/p>\n<p>Am heutigen Mittwoch, dem 10. September des Jahres 2014, vertr\u00e4gt dieses Land nicht die Antikriegsaktion &#8222;Klassenkampf statt Weltkrieg&#8220;. Es vertr\u00e4gt nicht die Freiheit, mit den Mitteln der Kunst gegen die deutsche Kriegsvorbereitung zu demonstrieren.<\/p>\n<p>Die internationale Antikriegsaktion von Kriegsgegnern aus der Tschechischen Republik, aus Polen,<br \/>\nder annektierten DDR und der BRD ist im Moment in Bochum zum Stillstand gekommen um das Recht auf die Freiheit der Kunst, das Versammlungsrecht und das Demonstrationsrecht f\u00fcr euch einzuklagen.<\/p>\n<p>Damit der Aktionszug seine Reise f\u00fcr den Erhalt des Friedens fortf\u00fchren kann:<br \/>\n\u00fcber Bremen, Regensburg, N\u00fcrnberg, M\u00fcnchen und Frankfurt.<\/p>\n<p><a href=\"http:\/\/www.notstand-der-republik.de\/download\/Wieviel-Freiheit-vertraegt-das-Land.pdf\"><i>Hier der Aufruf<\/i><\/a> an alle Kriegsgegner<\/p>\n<p>Aktuelle Pressemitteilungen <a href=\"http:\/\/www.himmlischevier.de\/2014\/Pressemitteilungen\/index.html\" target=\"_blank\"><i> hier.<\/i><\/a><\/p>\n<p><strong>\u2022 Wir rufen Euch auf:<br \/>\nUnterst\u00fctzt die internationale Antikriegsaktion &#8222;Klassenkampf statt Weltkrieg&#8220;! \u2022<\/strong><\/p>\n","protected":false},"excerpt":{"rendered":"<p>Die Staatswillk\u00fcr beschneidet unsere Rechte auf die Freiheit der Kunst, auf die Versammlungsfreiheit und auf das Recht zu demonstrieren. Werte Freunde, Antimilitaristen, Kriegsgegner! Am heutigen Mittwoch, dem 10. September des Jahres 2014, vertr\u00e4gt dieses Land nicht die Antikriegsaktion &#8222;Klassenkampf statt Weltkrieg&#8220;. Es vertr\u00e4gt nicht die Freiheit, mit den Mitteln der Kunst gegen die deutsche Kriegsvorbereitung [&hellip;]<\/p>\n","protected":false},"author":2,"featured_media":88,"comment_status":"closed","ping_status":"closed","sticky":false,"template":"","format":"standard","meta":{"footnotes":""},"categories":[14],"tags":[],"class_list":["post-87","post","type-post","status-publish","format-standard","has-post-thumbnail","hentry","category-klassenkampf-statt-weltkrieg"],"_links":{"self":[{"href":"https:\/\/www.revolutionaere-front.de\/wordpress\/index.php?rest_route=\/wp\/v2\/posts\/87","targetHints":{"allow":["GET"]}}],"collection":[{"href":"https:\/\/www.revolutionaere-front.de\/wordpress\/index.php?rest_route=\/wp\/v2\/posts"}],"about":[{"href":"https:\/\/www.revolutionaere-front.de\/wordpress\/index.php?rest_route=\/wp\/v2\/types\/post"}],"author":[{"embeddable":true,"href":"https:\/\/www.revolutionaere-front.de\/wordpress\/index.php?rest_route=\/wp\/v2\/users\/2"}],"replies":[{"embeddable":true,"href":"https:\/\/www.revolutionaere-front.de\/wordpress\/index.php?rest_route=%2Fwp%2Fv2%2Fcomments&post=87"}],"version-history":[{"count":2,"href":"https:\/\/www.revolutionaere-front.de\/wordpress\/index.php?rest_route=\/wp\/v2\/posts\/87\/revisions"}],"predecessor-version":[{"id":103,"href":"https:\/\/www.revolutionaere-front.de\/wordpress\/index.php?rest_route=\/wp\/v2\/posts\/87\/revisions\/103"}],"wp:featuredmedia":[{"embeddable":true,"href":"https:\/\/www.revolutionaere-front.de\/wordpress\/index.php?rest_route=\/wp\/v2\/media\/88"}],"wp:attachment":[{"href":"https:\/\/www.revolutionaere-front.de\/wordpress\/index.php?rest_route=%2Fwp%2Fv2%2Fmedia&parent=87"}],"wp:term":[{"taxonomy":"category","embeddable":true,"href":"https:\/\/www.revolutionaere-front.de\/wordpress\/index.php?rest_route=%2Fwp%2Fv2%2Fcategories&post=87"},{"taxonomy":"post_tag","embeddable":true,"href":"https:\/\/www.revolutionaere-front.de\/wordpress\/index.php?rest_route=%2Fwp%2Fv2%2Ftags&post=87"}],"curies":[{"name":"wp","href":"https:\/\/api.w.org\/{rel}","templated":true}]}}