{"id":97,"date":"2016-02-14T12:55:50","date_gmt":"2016-02-14T11:55:50","guid":{"rendered":"http:\/\/notstand-der-republik.de\/wordpress\/?p=97"},"modified":"2016-02-14T13:23:39","modified_gmt":"2016-02-14T12:23:39","slug":"tageloehnerei-ist-kriegsvorbereitung","status":"publish","type":"post","link":"https:\/\/www.revolutionaere-front.de\/wordpress\/?p=97","title":{"rendered":"Tagel\u00f6hnerei ist Kriegsvorbereitung"},"content":{"rendered":"<h2 class=\"erklaerung\">Bremer Daimler-Kollegen streiken gegen Leiharbeit<\/h2>\n<p class=\"normal\">Als der Aktionszug &#8222;Klassenkampf statt Weltkrieg&#8220; am 1. Oktober vor dem BMW-Werk in Regensburg die Kollegen dort vor dem kommenden deutschen Krieg warnt, streiken im Bremer Daimler-Werk zum wiederholten Mal die Arbeiter gegen Leiharbeit, Fremdvergabe und Werksvertr\u00e4ge. Die Teilnehmer des internationalen Aktionszuges informieren sofort die Arbeiter bei BMW und beginnen damit Solidarit\u00e4tsunterschriften zu sammeln.<br \/>\nAuch in den n\u00e4chsten Tagen vor dem Siemens-Werk und bei Leistritz in N\u00fcrnberg ist die Solidarit\u00e4t mit den streikenden Arbeitern bei Daimler in Bremen, Teil des Aktionszuges &#8222;Klassenkampf statt Weltkrieg&#8220; &#8211; auch weil der Kampf der Daimler-Kollegen ein Kampf f\u00fcr umfassende Arbeiterinteressen ist und ein Kampf gegen Kriegsvorbereitung und Krieg.<br \/>\nTagel\u00f6hnerei ist Kriegsvorbereitung. Der Arbeiter bestimmt nicht mehr, an wen er seine Arbeitskraft verkauft. Heute hier, morgen dort, heute Autos bauen, morgen Panzer, \u00fcbermorgen Panzergr\u00e4ben schaufeln, der Tagel\u00f6hnerei folgt die Zwangsverpflichtung.<\/p>\n<p class=\"bold\"><a href=\"http:\/\/www.notstand-der-republik.de\/download\/Streik_hb_01Okt13.pdf\">Hier<\/a> die Flugschrift zu den Streiks in Bremen und ihre Auswirkungen auf den Aktionszug.<\/p>\n","protected":false},"excerpt":{"rendered":"<p>Bremer Daimler-Kollegen streiken gegen Leiharbeit Als der Aktionszug &#8222;Klassenkampf statt Weltkrieg&#8220; am 1. Oktober vor dem BMW-Werk in Regensburg die Kollegen dort vor dem kommenden deutschen Krieg warnt, streiken im Bremer Daimler-Werk zum wiederholten Mal die Arbeiter gegen Leiharbeit, Fremdvergabe und Werksvertr\u00e4ge. Die Teilnehmer des internationalen Aktionszuges informieren sofort die Arbeiter bei BMW und beginnen [&hellip;]<\/p>\n","protected":false},"author":2,"featured_media":98,"comment_status":"closed","ping_status":"closed","sticky":false,"template":"","format":"standard","meta":{"footnotes":""},"categories":[15],"tags":[],"class_list":["post-97","post","type-post","status-publish","format-standard","has-post-thumbnail","hentry","category-aktionen"],"_links":{"self":[{"href":"https:\/\/www.revolutionaere-front.de\/wordpress\/index.php?rest_route=\/wp\/v2\/posts\/97","targetHints":{"allow":["GET"]}}],"collection":[{"href":"https:\/\/www.revolutionaere-front.de\/wordpress\/index.php?rest_route=\/wp\/v2\/posts"}],"about":[{"href":"https:\/\/www.revolutionaere-front.de\/wordpress\/index.php?rest_route=\/wp\/v2\/types\/post"}],"author":[{"embeddable":true,"href":"https:\/\/www.revolutionaere-front.de\/wordpress\/index.php?rest_route=\/wp\/v2\/users\/2"}],"replies":[{"embeddable":true,"href":"https:\/\/www.revolutionaere-front.de\/wordpress\/index.php?rest_route=%2Fwp%2Fv2%2Fcomments&post=97"}],"version-history":[{"count":1,"href":"https:\/\/www.revolutionaere-front.de\/wordpress\/index.php?rest_route=\/wp\/v2\/posts\/97\/revisions"}],"predecessor-version":[{"id":99,"href":"https:\/\/www.revolutionaere-front.de\/wordpress\/index.php?rest_route=\/wp\/v2\/posts\/97\/revisions\/99"}],"wp:featuredmedia":[{"embeddable":true,"href":"https:\/\/www.revolutionaere-front.de\/wordpress\/index.php?rest_route=\/wp\/v2\/media\/98"}],"wp:attachment":[{"href":"https:\/\/www.revolutionaere-front.de\/wordpress\/index.php?rest_route=%2Fwp%2Fv2%2Fmedia&parent=97"}],"wp:term":[{"taxonomy":"category","embeddable":true,"href":"https:\/\/www.revolutionaere-front.de\/wordpress\/index.php?rest_route=%2Fwp%2Fv2%2Fcategories&post=97"},{"taxonomy":"post_tag","embeddable":true,"href":"https:\/\/www.revolutionaere-front.de\/wordpress\/index.php?rest_route=%2Fwp%2Fv2%2Ftags&post=97"}],"curies":[{"name":"wp","href":"https:\/\/api.w.org\/{rel}","templated":true}]}}