{"id":988,"date":"2018-03-30T21:48:12","date_gmt":"2018-03-30T19:48:12","guid":{"rendered":"http:\/\/notstand-der-republik.de\/?p=988"},"modified":"2018-03-30T21:50:51","modified_gmt":"2018-03-30T19:50:51","slug":"regierung-fuer-den-krieg-und-gegen-das-volk","status":"publish","type":"post","link":"https:\/\/www.revolutionaere-front.de\/wordpress\/?p=988","title":{"rendered":"Regierung f\u00fcr den Krieg und gegen das Volk"},"content":{"rendered":"<p>Im Koalitionsvertrag ist die weitere Aufr\u00fcstung mit zig Milliarden Euro (bis 2021 auf j\u00e4hrlich 42,4 Milliarden) festgeschrieben, fallen die Einnahmen besser aus als jetzt gesch\u00e4tzt gehen diese zuerst (!) in den R\u00fcstungsetat. Die Kriegseins\u00e4tze in anderen L\u00e4ndern und gegen Fl\u00fcchtlinge gehen weiter. Aus dem\u00a0 \u201eEurop\u00e4ischen Verteidigungsfonds\u201c, einem \u00a0EU-Topf, flie\u00dfen j\u00e4hrlich 500 Millionen Euro f\u00fcr R\u00fcstungsforschung und 5 Milliarden Euro f\u00fcr R\u00fcstungsbeschaffung direkt zu den R\u00fcstungsbetrieben.<\/p>\n<p>Weitere Milliarden (und vor allem politischer und milit\u00e4rischer Einfluss) sind f\u00fcr sogenannte \u201eErt\u00fcchtigungsprojekte im Sicherheitsbereich\u201c geplant, womit z.B. die exterritorialen Kriegsma\u00dfnahmen gegen Fl\u00fcchtlinge wie die Internierungslager in Nord-Afrika gemeint sind. Die staatlich organisierte Selektion, die aktuell \u201evon der Rampe\u201c auch in die Protektorate im Ausland verlagert wurde, rechnet sich aber auch. Jeder Kilometer Zaun z.B. kostet etwa 4,5 Millionen Euro. So sind zwischen 2000 und 2015 etwa 16 Milliarden Euro Profit gemacht worden.<\/p>\n<p>Um die M\u00fcnchner Sicherheitskonferenz herum haben die Politiker der herrschenden R\u00e4uberbanden wiederholt deutlich gemacht, dass sie sich gegenseitig keinen Meter \u00fcber den Weg trauen. Der gesch\u00e4fts\u00adf\u00fchrende Au\u00dfenminister Gabriel untermauerte den Anspruch auf die deutsche F\u00fchrung in Europa und die Konkurrenz gegen\u00fcber dem Verb\u00fcndeten USA denen er \u201enicht im Gefolgschaftsverband\u201c folgen, sondern mit denen er \u201eauf Augenh\u00f6he\u2026 kooperieren\u201c will. Die aktuelle Kriegsministerin von der Leyen k\u00fcndigte an \u201emilit\u00e4risch mehr Gewicht in die <img loading=\"lazy\" decoding=\"async\" class=\"aligncenter wp-image-989 size-large\" src=\"http:\/\/notstand-der-republik.de\/wordpress\/wp-content\/uploads\/2018\/03\/Plakat_JAA_Leyen-724x1024.jpg\" alt=\"\" width=\"724\" height=\"1024\" \/>Waagschale zu werfen\u201c und forderte das \u201emilit\u00e4rische Gewicht auch tats\u00e4chlich einzusetzen\u201c, wie daf\u00fcr auch die Voraussetzungen durch weitere R\u00fcstungs\u00ad-Milliarden zu schaffen und gab bekannt das NATO-Logistik-Haupt\u00adquartier \u2013 f\u00fcr den schnelleren Einsatz nach Russland \u2013 in der BRD und unter deutscher F\u00fchrung zu stationieren. Da wird deutlich, dass das Gerede von der schrottreifen Ausr\u00fcstung und der mangel\u00adhaften Einsatzbereitschaft der Armee reine Kriegs\u00ad-Propaganda ist. Dass den Truppen ausgerechnet die Winterkleid\u00adung fehle, erinnert fatal daran, dass es zuletzt angeblich nur der harte Winter war der die Wehrmachts-Truppen vor Stalingrad besiegt hat.<\/p>\n<p>Innenminister de Maiziere wird durch Herr Seehofer ersetzt. Das ist trotz allem noch einmal ein Unterschied. Seehofer hat sich in Bayern als Vorreiter der staatlichen Willk\u00fcr und offen-<img loading=\"lazy\" decoding=\"async\" class=\"aligncenter wp-image-990 size-large\" src=\"http:\/\/notstand-der-republik.de\/wordpress\/wp-content\/uploads\/2018\/03\/Plakat_JAA_Maiziere-724x1024.jpg\" alt=\"\" width=\"724\" height=\"1024\" srcset=\"https:\/\/www.revolutionaere-front.de\/wordpress\/wp-content\/uploads\/2018\/03\/Plakat_JAA_Maiziere-724x1024.jpg 724w, https:\/\/www.revolutionaere-front.de\/wordpress\/wp-content\/uploads\/2018\/03\/Plakat_JAA_Maiziere-212x300.jpg 212w\" sizes=\"auto, (max-width: 724px) 100vw, 724px\" \/>faschisti\u00adscher Ma\u00df\u00adnahmen hervorgetan. Nach einer ersten \u00c4nderung Mitte 2017 soll jetzt gerade die n\u00e4chste Versch\u00e4rfung des bayerischen Polizei-Gesetzes durch den Landtag (und dann nach Berlin?) gebracht werden. Davor war es das v\u00f6lkische Machwerk zur deutschen Leitkultur \u2013 genannt \u201eIntegrationsgesetz\u201c \u2013 das vom \u201eDrei-Viertel-Deutschen\u201c, also wieder von deutschem Blut, handelt.<\/p>\n","protected":false},"excerpt":{"rendered":"<p>Im Koalitionsvertrag ist die weitere Aufr\u00fcstung mit zig Milliarden Euro (bis 2021 auf j\u00e4hrlich 42,4 Milliarden) festgeschrieben, fallen die Einnahmen besser aus als jetzt gesch\u00e4tzt gehen diese zuerst (!) in den R\u00fcstungsetat. Die Kriegseins\u00e4tze in anderen L\u00e4ndern und gegen Fl\u00fcchtlinge gehen weiter. Aus dem\u00a0 \u201eEurop\u00e4ischen Verteidigungsfonds\u201c, einem \u00a0EU-Topf, flie\u00dfen j\u00e4hrlich 500 Millionen Euro f\u00fcr R\u00fcstungsforschung [&hellip;]<\/p>\n","protected":false},"author":2,"featured_media":989,"comment_status":"closed","ping_status":"closed","sticky":false,"template":"","format":"standard","meta":{"footnotes":""},"categories":[15],"tags":[46,45,37,53,39,47,67,35],"class_list":["post-988","post","type-post","status-publish","format-standard","has-post-thumbnail","hentry","category-aktionen","tag-antimilitarismus","tag-bundeswehr","tag-deutscher-krieg","tag-krieg","tag-kriegsprogramm","tag-kriegsvorbereitung","tag-militarisierung","tag-notstand-der-republik"],"_links":{"self":[{"href":"https:\/\/www.revolutionaere-front.de\/wordpress\/index.php?rest_route=\/wp\/v2\/posts\/988","targetHints":{"allow":["GET"]}}],"collection":[{"href":"https:\/\/www.revolutionaere-front.de\/wordpress\/index.php?rest_route=\/wp\/v2\/posts"}],"about":[{"href":"https:\/\/www.revolutionaere-front.de\/wordpress\/index.php?rest_route=\/wp\/v2\/types\/post"}],"author":[{"embeddable":true,"href":"https:\/\/www.revolutionaere-front.de\/wordpress\/index.php?rest_route=\/wp\/v2\/users\/2"}],"replies":[{"embeddable":true,"href":"https:\/\/www.revolutionaere-front.de\/wordpress\/index.php?rest_route=%2Fwp%2Fv2%2Fcomments&post=988"}],"version-history":[{"count":1,"href":"https:\/\/www.revolutionaere-front.de\/wordpress\/index.php?rest_route=\/wp\/v2\/posts\/988\/revisions"}],"predecessor-version":[{"id":991,"href":"https:\/\/www.revolutionaere-front.de\/wordpress\/index.php?rest_route=\/wp\/v2\/posts\/988\/revisions\/991"}],"wp:featuredmedia":[{"embeddable":true,"href":"https:\/\/www.revolutionaere-front.de\/wordpress\/index.php?rest_route=\/wp\/v2\/media\/989"}],"wp:attachment":[{"href":"https:\/\/www.revolutionaere-front.de\/wordpress\/index.php?rest_route=%2Fwp%2Fv2%2Fmedia&parent=988"}],"wp:term":[{"taxonomy":"category","embeddable":true,"href":"https:\/\/www.revolutionaere-front.de\/wordpress\/index.php?rest_route=%2Fwp%2Fv2%2Fcategories&post=988"},{"taxonomy":"post_tag","embeddable":true,"href":"https:\/\/www.revolutionaere-front.de\/wordpress\/index.php?rest_route=%2Fwp%2Fv2%2Ftags&post=988"}],"curies":[{"name":"wp","href":"https:\/\/api.w.org\/{rel}","templated":true}]}}